{"id":839,"date":"2024-07-01T13:23:17","date_gmt":"2024-07-01T11:23:17","guid":{"rendered":"https:\/\/freischarenmanoever.ch\/wordpress\/?p=839"},"modified":"2024-07-01T13:23:17","modified_gmt":"2024-07-01T11:23:17","slug":"geschichtlicher-hintergrund-zum-freischaren-manoever","status":"publish","type":"post","link":"https:\/\/freischarenmanoever.ch\/wordpress\/?p=839","title":{"rendered":"Geschichtlicher Hintergrund zum Freischaren-Man\u00f6ver"},"content":{"rendered":"\n<p><strong>Das Lenzburger Freischarenman\u00f6ver \u2013 abenteuerliche Geschichte, faszinierende Gegenwart&nbsp;<\/strong><\/p>\n\n\n\n<p><strong>Am 12. Juli ist es endlich wieder so weit: Das Lenzburger Jugendfest mit dem traditionellen Freischarenman\u00f6ver begeistert Jung und Alt. Lesen Sie hier, was f\u00fcr eine abenteuerliche Geschichte hinter dem gr\u00f6ssten und sch\u00f6nsten Lenzburger Volksfest steht.&nbsp;<\/strong><\/p>\n\n\n\n<p>Das Freischarenman\u00f6ver geht auf eine bereits 172-j\u00e4hrige Tradition zur\u00fcck, die aus verschiedenen auch internationalen Einfl\u00fcssen ein einzigartiges, identit\u00e4tsstiftendes Ereignis f\u00fcr alle Lenzburgerinnen und Lenzburger gemacht hat \u2013 ein Ereignis, das weit \u00fcber unsere Stadt hinaus strahlt und Zuschauerinnen und Zuschauer aus Nah und Fern anzieht und begeistert.&nbsp;<\/p>\n\n\n\n<p>In den folgenden Abschnitten geben wir einen unterhaltsamen Einblick in die abenteuerliche Geschichte des Freischarenman\u00f6vers \u2013 anhand von kurzen Fragen und Antworten zu zentralen Figuren, Ereignissen und Stichworten.&nbsp;<\/p>\n\n\n\n<p><strong>Wann fand das erste Freischarenman\u00f6ver statt?&nbsp;<\/strong><\/p>\n\n\n\n<p>1852. Offenbar war schon die erste Auflage auf Anhieb ein Erfolg. \u00abDas Ganze bildete ein sehr unterhaltendes Schauspiel\u00bb, schrieb eine Lokalzeitung. Auch das Wetter stimmte: \u00abAusserordentliche Hitze dr\u00fcckte Geist und K\u00f6rper darnieder.\u00bb Der Stadtrat sorgte daf\u00fcr, dass die gebeutelten Freischaren, die schon damals v\u00f6llig \u00fcberraschenden den jugendlichen Kadetten unterlagen, wieder aufgep\u00e4ppelt wurden, indem \u00abeine Flasche Wein und Brot per Mann auf Kosten der Gemeinde abgegeben\u00bb wurde.<strong><\/strong><\/p>\n\n\n\n<p><strong>Woher kommen die \u00abFreischaren\u00bb?&nbsp;<\/strong><strong><\/strong><\/p>\n\n\n\n<p>Sogenannten Freicorps haben sich im preussisch-deutschen Befreiungskampf gegen Napoleon ums Jahr 1812 gebildet. In ihnen durften auch Nichtadlige milit\u00e4rische F\u00fchrungspositionen \u00fcbernehmen. In der Schweiz sorgten die \u00abFreischarenz\u00fcge\u00bb nach Luzern 1844\/45 f\u00fcr Furore, antiklerikale, also gegen die katholische Kirche gerichtete Umsturzversuche von radikal-liberalen Aufst\u00e4ndischen, welche die konservative Regierung des Kantons Luzern st\u00fcrzen und die Jesuiten vertreiben wollten.<\/p>\n\n\n\n<p><strong>Was hat ein deutscher Revolution\u00e4r und amerikanischer B\u00fcrgerkriegsheld mit dem Man\u00f6ver zu tun?&nbsp;<\/strong><strong><\/strong><\/p>\n\n\n\n<p>Interessanterweise geht das Lenzburger Freischarenman\u00f6ver aber weniger auf die innereidgen\u00f6ssischen Freischarenz\u00fcge der Mitte der 1840er Jahre zur\u00fcck, sondern auf einen charismatischen Abenteurer aus S\u00fcddeutschland mit einer filmreifen Biografie: auf Ludwig Blenker. Nachdem er dort einen Aufstand angezettelt hatte, suchte der wilde Freischarenf\u00fchrer und Pl\u00fcnderer Zuflucht in der Schweiz. Dabei kam er mit seinen Horden auch nach Lenzburg. Der Staatsarchivar des Kantons Aargau beschrieb dies so: \u00abDie Freischaren besassen ein Musikcorps, das gr\u00e4uliche T\u00f6ne von sich gab. Die M\u00e4nner trugen wilde B\u00e4rte und benahmen sich sehr undiszipliniert. Dem Corps geh\u00f6rten Marketenderinnen an, die gleich gekleidet waren wie die M\u00e4nner. Sie fuhren auf Planwagen mit, die zum Teil mit Raubgut (W\u00e4sche, Kleider, Geschirr, Weinf\u00e4sser) und allem m\u00f6glichen Plunder beladen waren.\u00bb In einer Kutsche habe sich eine \u00abKriegskasse\u00bb befunden, \u00abbewacht von zwei Freisch\u00e4rlern\u00bb. Sp\u00e4ter machte der Abenteurer und&nbsp;<em>Warlord<\/em>&nbsp;Blenker Karriere als hochdekorierter Kriegsheld im amerikanischen B\u00fcrgerkrieg. Auch in Lenzburg musste er tiefen Eindruck hinterlassen haben: Kurz nach seinem Besuch im St\u00e4dtchen fand das erste Freischarenman\u00f6ver statt \u2013 erkennbar inspiriert durch den Haudegen aus dem Norden.&nbsp;&nbsp;<\/p>\n\n\n\n<p><strong>Was sind Kadetten?<\/strong><strong><\/strong><\/p>\n\n\n\n<p>Das Lenzburger Freischarenman\u00f6ver lebt dramaturgisch von der ewigen Auseinandersetzung zwischen den Freischaren und den Kadetten, die von der Schuljugend gebildet werden. Auch dies hat historische Wurzeln: Das Kadettenwesen ist in der Eidgenossenschaft Ende&nbsp;des 18. Jahrhunderts entstanden und sollte dazu dienen, Knaben im Alter von 10 bis 15 Jahren eine Art milit\u00e4rische Vorausbildung zu geben.&nbsp;Einer der Hauptinitianten bei der Gr\u00fcndung des Lenzburger Kadettenkorps 1793 war der Lenzburger Unternehmer Gottlieb H\u00fcnerwadel.<strong>&nbsp;<\/strong>Die Kadetten pr\u00e4sentierten sich mit M\u00e4rschen an Feiern und Jugendfesten. Beim Lenzburger Jugendfest k\u00f6nnen die Kadetten von heute jedoch viel mehr als das: Sie d\u00fcrfen n\u00e4mlich \u2013 auch wenn das die Freischaren und ihr General bis in alle Ewigkeit nicht wahrhaben wollen \u2013 sogar die ruhmreichen Freischaren besiegen.&nbsp;<\/p>\n\n\n\n<p><strong>In welchen Jahren findet und fand das Freischarenman\u00f6ver statt?&nbsp;<\/strong><strong><\/strong><\/p>\n\n\n\n<p>Heute findet das Freischarenman\u00f6ver alle zwei Jahre statt. Nach der Premiere 1852 ging 1856 das zweite<strong><\/strong>Man\u00f6ver \u00fcber die B\u00fchne. Sp\u00e4testens ab 1861 ist das Man\u00f6ver als Tradition verstanden worden, und zwischen 1886 und 1914 hat es nur drei Jahre gegeben, wo das Man\u00f6ver ausgefallen ist. Der Erste Weltkrieg sorgte dann f\u00fcr einen Unterbruch bis 1924. Historisch dann auch das Man\u00f6ver von 1926: Damals erscholl zum ersten Mal der Schlachtruf \u00abHonolulu\u00bb (aus voller Kehle und dreifach wiederholt). Ein n\u00e4chster Meilenstein war dann das Jahr 1972, als die Kadetten nach der Abschaffung des obligatorischen Kadettenunterrichts erstmals freiwillig am Man\u00f6ver teilnahmen \u2013 was wohl umso mehr Spass machte. 2020 fiel das Freisch\u00e4renman\u00f6ver zum ersten Mal in der j\u00fcngeren Geschichte aus, aufgrund der Corona-Massnahmen. Daf\u00fcr fand im folgenden Jahr, 2021, ein \u00abMan\u00f6ver light\u00bb mit einem originellen Drehbuch statt, verteilt auf die ganze Jugendfestwoche und live per Videostream \u00fcbertragen. Die Tradition des Lenzburger Freischarenman\u00f6vers lebt \u2013 und sie wird st\u00e4ndig weiterentwickelt. Seien auch Sie Teil dieser grossartigen und faszinierenden Geschichte mit Zukunft!&nbsp;<\/p>\n","protected":false},"excerpt":{"rendered":"<p>Das Lenzburger Freischarenman\u00f6ver \u2013 abenteuerliche Geschichte, faszinierende Gegenwart&nbsp; Am 12. Juli ist es endlich wieder so weit: Das Lenzburger Jugendfest mit dem traditionellen Freischarenman\u00f6ver begeistert &hellip;<\/p>\n","protected":false},"author":1,"featured_media":0,"comment_status":"closed","ping_status":"closed","sticky":false,"template":"","format":"standard","meta":{"_monsterinsights_skip_tracking":false,"_monsterinsights_sitenote_active":false,"_monsterinsights_sitenote_note":"","_monsterinsights_sitenote_category":0,"footnotes":""},"categories":[1],"tags":[],"class_list":["post-839","post","type-post","status-publish","format-standard","hentry","category-uncategorized"],"_links":{"self":[{"href":"https:\/\/freischarenmanoever.ch\/wordpress\/index.php?rest_route=\/wp\/v2\/posts\/839","targetHints":{"allow":["GET"]}}],"collection":[{"href":"https:\/\/freischarenmanoever.ch\/wordpress\/index.php?rest_route=\/wp\/v2\/posts"}],"about":[{"href":"https:\/\/freischarenmanoever.ch\/wordpress\/index.php?rest_route=\/wp\/v2\/types\/post"}],"author":[{"embeddable":true,"href":"https:\/\/freischarenmanoever.ch\/wordpress\/index.php?rest_route=\/wp\/v2\/users\/1"}],"replies":[{"embeddable":true,"href":"https:\/\/freischarenmanoever.ch\/wordpress\/index.php?rest_route=%2Fwp%2Fv2%2Fcomments&post=839"}],"version-history":[{"count":1,"href":"https:\/\/freischarenmanoever.ch\/wordpress\/index.php?rest_route=\/wp\/v2\/posts\/839\/revisions"}],"predecessor-version":[{"id":840,"href":"https:\/\/freischarenmanoever.ch\/wordpress\/index.php?rest_route=\/wp\/v2\/posts\/839\/revisions\/840"}],"wp:attachment":[{"href":"https:\/\/freischarenmanoever.ch\/wordpress\/index.php?rest_route=%2Fwp%2Fv2%2Fmedia&parent=839"}],"wp:term":[{"taxonomy":"category","embeddable":true,"href":"https:\/\/freischarenmanoever.ch\/wordpress\/index.php?rest_route=%2Fwp%2Fv2%2Fcategories&post=839"},{"taxonomy":"post_tag","embeddable":true,"href":"https:\/\/freischarenmanoever.ch\/wordpress\/index.php?rest_route=%2Fwp%2Fv2%2Ftags&post=839"}],"curies":[{"name":"wp","href":"https:\/\/api.w.org\/{rel}","templated":true}]}}