{"id":720,"date":"2022-07-04T11:17:28","date_gmt":"2022-07-04T09:17:28","guid":{"rendered":"https:\/\/freischarenmanoever.ch\/wordpress\/?p=720"},"modified":"2025-04-23T08:54:08","modified_gmt":"2025-04-23T06:54:08","slug":"honolulu-2022-interview-mit-dem-praesidenten-stefan-regli","status":"publish","type":"post","link":"https:\/\/freischarenmanoever.ch\/wordpress\/?p=720","title":{"rendered":"HONOLULU 2022 &#8211; Interview mit dem Pr\u00e4sidenten"},"content":{"rendered":"\n<ol class=\"wp-block-list\" type=\"1\"><li><strong>Wieso ist es f\u00fcr den Pr\u00e4sidenten der Freischaren-Commission so eminent wichtig, dass heuer wieder ein \u00abnormales\u00bb Freischarenman\u00f6ver stattfindet?<\/strong><\/li><\/ol>\n\n\n\n<p>Weil es nach den schwierigen Jahren mit Corona die Tradition wiederzubeleben und zu pflegen gilt! Das Lenzburger Freischaren-Man\u00f6ver blickt auf eine 170-j\u00e4hrige Tradition zur\u00fcck und ist ein fester Bestandteil des Lenzburger Stadtlebens. Es verbindet die Lenzburgerinnen und Lenzburger sowie interessierte G\u00e4ste \u00fcber die Generationen hinweg.&nbsp;<\/p>\n\n\n\n<ol class=\"wp-block-list\" type=\"1\" start=\"2\"><li><strong>Was gilt und galt es bei der Organisation des ersten grossen Man\u00f6vers seit vier Jahr besonders zu beachten?<\/strong><\/li><\/ol>\n\n\n\n<p>Wir haben im letzten Jahr ein reduziertes Man\u00f6ver unter Ber\u00fccksichtigung s\u00e4mtlicher Corona-Sicherheitsmassnahmen erfolgreich durchgef\u00fchrt. Dies war ein grosser Kraftakt von allen Beteiligten. In diesem Jahr k\u00f6nnen wir auf die Erfahrung der vergangenen Jahre z\u00e4hlen. Wir haben zudem erneut in den Bereich Sicherheit investiert, um allen ein sch\u00f6nes und friedliches Fest zu garantieren.&nbsp;&nbsp;&nbsp;<\/p>\n\n\n\n<ol class=\"wp-block-list\" type=\"1\" start=\"3\"><li><strong>Wie ver\u00e4nderte der Ukraine-Krieg die Vorbereitungen?<\/strong><\/li><\/ol>\n\n\n\n<p>Wir haben uns seit Ausbruch des Krieges intensiv mit der Situation besch\u00e4ftigt. Die letzten Wochen und Monate stellten die wichtigste Lenzburger Tradition auf eine harte Probe. Zahlreichreiche Gespr\u00e4che, Sitzungen, Schriftenwechsel und vor allem viele Aufkl\u00e4rungsarbeit waren n\u00f6tig, um die Durchf\u00fchrung des Man\u00f6vers zu retten, das f\u00fcr unsere Stadt und zahlreiche G\u00e4ste so viel bedeutet. Die eigentlichen Vorbereitungen haben wir jedoch nie gestoppt. So profitieren wir heute von den geleisteten Arbeiten und erfuhren zeitlich keine Verz\u00f6gerung.&nbsp;<\/p>\n\n\n\n<ol class=\"wp-block-list\" type=\"1\" start=\"4\"><li><strong>Welche Anpassungen wurden in der Vorbereitung vorgenommen?&nbsp;<\/strong><\/li><\/ol>\n\n\n\n<p>Wir sind uns der sensiblen Situation selbstverst\u00e4ndlich bewusst, teilen das Mitgef\u00fchl und den Respekt f\u00fcr die vom Krieg betroffene Bev\u00f6lkerung in der Ukraine sowie insbesondere auch f\u00fcr die in Lenzburg und Umgebung ans\u00e4ssigen Fl\u00fcchtlinge. Aus Respekt werden deshalb die Kadetten vor dem Jugendfest nur ohne Gewehr in der Stadt zu sehen sein. Selbst der Einmarsch der Kadetten am Mittwochabend nach der Kaderwahl erfolgt erstmals in der Geschichte ohne Gewehr.<\/p>\n\n\n\n<ol class=\"wp-block-list\" type=\"1\" start=\"5\"><li><strong>Was ist noch geplant? Gibt es \u00c4nderungen beim Drehbuch?<\/strong><\/li><\/ol>\n\n\n\n<p>Wir wollen an der Tradition festhalten. Deshalb haben wir bewusst keine gr\u00f6sseren Ver\u00e4nderungen vorgenommen. Bedingt durch das aktuelle Weltgeschehen wird es jedoch ein paar Anpassungen im Drehbuch geben. Sie d\u00fcrfen gespannt sein! Wir wollen an dieser Stelle der \u00fcberraschenden Dramaturgie unseres beliebten und einmaligen Landschaftstheaters nicht vorgreifen.&nbsp;<\/p>\n\n\n\n<ol class=\"wp-block-list\" type=\"1\" start=\"6\"><li><strong>Wie verlief die Rekrutierung? Bei den Freischaren?<\/strong><\/li><\/ol>\n\n\n\n<p>Sehr gut! Wir erhielten von den Freischaren klare Signale, dass ein starkes Bed\u00fcrfnis besteht, endlich wieder ein richtiges Jugendfest mit dem Man\u00f6ver als zentralem Bestandteil durchzuf\u00fchren. Wir konnten deshalb zahlreiche Freischaren rekrutiert und haben ziemlich schnell eine normale Anmeldequote erreicht. Die Teilnehmerinnen und Teilnehmer freuen sich nach den schwierigen letzten Jahren ganz besonders auf das Man\u00f6ver. Diese Freude wird auf das ganze Jugendfest ausstrahlen.&nbsp;<\/p>\n\n\n\n<ul class=\"wp-block-list\"><li><strong>Bei den Kadetten? Hier harzte es offenbar lange.<\/strong><\/li><\/ul>\n\n\n\n<p>Die Jugend ist das Fundament der Freischarentradition. F\u00fcr den Fortbestand dieser Tradition ist es wichtig, dass die Sch\u00fclerinnen und Sch\u00fcler bereits im Schulalter als Kadetten den Zugang dazu finden.&nbsp;&nbsp;Dank der Unterst\u00fctzung des Stadtrates und der Schule konnten wir die anf\u00e4nglich schleppende Rekrutierung beschleunigen und sind \u00fcberzeugt, dass wir auch auf der Seite der Kadetten gen\u00fcgend junge Akteure im Landschaftstheater sehen werden.&nbsp;<\/p>\n\n\n\n<ol class=\"wp-block-list\" type=\"1\" start=\"8\"><li><strong>Mit wie vielen Beteiligten rechnet ihr am Freischarenman\u00f6ver 2022?<\/strong><\/li><\/ol>\n\n\n\n<p>Wir werden auch in diesem Jahr ca. 800 Akteure sehen. Damit hat sich die Tradition des Freischaren-Man\u00f6vers zu einem der gr\u00f6ssten Landschaftstheater der Schweiz entwickelt.<\/p>\n\n\n\n<ol class=\"wp-block-list\" type=\"1\" start=\"9\"><li><strong>St\u00f6sst die Commission an Grenzen oder funktioniert das Milizsystem hier noch?<\/strong><\/li><\/ol>\n\n\n\n<p>S\u00e4mtliche Mitglieder der Commission setzen sich ehrenamtlich und mit einem enormen Engagement f\u00fcr die wichtigste Tradition der Stadt ein. Wir sind gl\u00fccklich, dass zahlreiche Lenzburgerinnen und Lenzburger ihre Sympathie zum Freischaren-Man\u00f6ver mit ihrer tatkr\u00e4ftigen oder finanziellen Unterst\u00fctzung bekunden. Dies macht die Freischarentradition aus.&nbsp;<\/p>\n\n\n\n<ol class=\"wp-block-list\" type=\"1\" start=\"10\"><li><strong>Wer gewinnt am 8. Juli?<\/strong><\/li><\/ol>\n\n\n\n<p>Nach den Zwischenerfolgen im letzten Jahr sind die Freischaren voller Zuversicht und deshalb siegesgewiss. Pers\u00f6nlich habe ich jedoch grossen Respekt vor der St\u00e4rke der Jugend. Sie ist es, die das Fundament der Zukunft und damit auch der wichtigsten Tradition der Stadt Lenzburg ist.<\/p>\n","protected":false},"excerpt":{"rendered":"<p>Wieso ist es f\u00fcr den Pr\u00e4sidenten der Freischaren-Commission so eminent wichtig, dass heuer wieder ein \u00abnormales\u00bb Freischarenman\u00f6ver stattfindet? Weil es nach den schwierigen Jahren mit &hellip;<\/p>\n","protected":false},"author":3,"featured_media":0,"comment_status":"closed","ping_status":"closed","sticky":false,"template":"","format":"standard","meta":{"_monsterinsights_skip_tracking":false,"_monsterinsights_sitenote_active":false,"_monsterinsights_sitenote_note":"","_monsterinsights_sitenote_category":0,"footnotes":""},"categories":[1],"tags":[],"class_list":["post-720","post","type-post","status-publish","format-standard","hentry","category-uncategorized"],"_links":{"self":[{"href":"https:\/\/freischarenmanoever.ch\/wordpress\/index.php?rest_route=\/wp\/v2\/posts\/720","targetHints":{"allow":["GET"]}}],"collection":[{"href":"https:\/\/freischarenmanoever.ch\/wordpress\/index.php?rest_route=\/wp\/v2\/posts"}],"about":[{"href":"https:\/\/freischarenmanoever.ch\/wordpress\/index.php?rest_route=\/wp\/v2\/types\/post"}],"author":[{"embeddable":true,"href":"https:\/\/freischarenmanoever.ch\/wordpress\/index.php?rest_route=\/wp\/v2\/users\/3"}],"replies":[{"embeddable":true,"href":"https:\/\/freischarenmanoever.ch\/wordpress\/index.php?rest_route=%2Fwp%2Fv2%2Fcomments&post=720"}],"version-history":[{"count":2,"href":"https:\/\/freischarenmanoever.ch\/wordpress\/index.php?rest_route=\/wp\/v2\/posts\/720\/revisions"}],"predecessor-version":[{"id":866,"href":"https:\/\/freischarenmanoever.ch\/wordpress\/index.php?rest_route=\/wp\/v2\/posts\/720\/revisions\/866"}],"wp:attachment":[{"href":"https:\/\/freischarenmanoever.ch\/wordpress\/index.php?rest_route=%2Fwp%2Fv2%2Fmedia&parent=720"}],"wp:term":[{"taxonomy":"category","embeddable":true,"href":"https:\/\/freischarenmanoever.ch\/wordpress\/index.php?rest_route=%2Fwp%2Fv2%2Fcategories&post=720"},{"taxonomy":"post_tag","embeddable":true,"href":"https:\/\/freischarenmanoever.ch\/wordpress\/index.php?rest_route=%2Fwp%2Fv2%2Ftags&post=720"}],"curies":[{"name":"wp","href":"https:\/\/api.w.org\/{rel}","templated":true}]}}